{"id":2176,"date":"2026-04-13T10:11:30","date_gmt":"2026-04-13T08:11:30","guid":{"rendered":"https:\/\/www.campingsersirant.fr\/nicht-klassifiziert\/vtt-dans-lisere\/"},"modified":"2026-04-13T10:12:31","modified_gmt":"2026-04-13T08:12:31","slug":"vtt-dans-lisere","status":"publish","type":"post","link":"https:\/\/www.campingsersirant.fr\/de\/nachrichten\/vtt-dans-lisere\/","title":{"rendered":"VTT dans l&#8217;Is\u00e8re"},"content":{"rendered":"\n<p class=\"ls-paragraph\"><strong>D\u00e9couvrez le Camping Ser Sirant \u00e0 Saint Th\u00e9offrey, en plein c\u0153ur des Alpes Is\u00e9roises, base parfaite pour des vacances VTT 100% nature. Entre parcours adapt\u00e9s, h\u00e9bergements confortables et services d\u00e9di\u00e9s, vivez une exp\u00e9rience sportive et familiale inoubliable en 2026.<\/strong><\/p>\n\n<h2 class=\"ls__heading wp-block-heading\">\ud83d\udccb En bref<\/h2>\n\n<ul class=\"ls-list ls-list-undefined wp-block-list\">\n<li>\ud83c\udfaf Activit\u00e9 phare : VTT et balades nature<\/li>\n\n\n\n<li>\ud83d\udc65 Pour toute la famille, sportifs et cyclistes<\/li>\n\n\n\n<li>\ud83d\udccd Saint Th\u00e9offrey, Is\u00e8re, Auvergne-Rh\u00f4ne-Alpes<\/li>\n\n\n\n<li>\ud83d\udcc5 Du 15 mai au 27 septembre 2026<\/li>\n\n\n\n<li>\u2728 Location VTTAE, parcours vari\u00e9s, h\u00e9bergements nature au bord du lac<\/li>\n<\/ul>\n\n<h2 class=\"ls__heading wp-block-heading\">\ud83c\udf04 Des parcours VTT pour tous les niveaux au Camping Ser Sirant<\/h2>\n\n<p class=\"ls-paragraph\">Le Camping Ser Sirant, situ\u00e9 \u00e0 50 m\u00e8tres de la base nautique du lac de Laffrey, propose plusieurs parcours VTT adapt\u00e9s \u00e0 tous les niveaux. Que vous soyez d\u00e9butant ou confirm\u00e9, profitez des sentiers trac\u00e9s qui serpentent au c\u0153ur de l&#8217;espace naturel sensible alentour. Une carte VTT est disponible \u00e0 l&#8217;accueil, que vous pouvez emporter en photo ou acheter pour 3\u20ac.<\/p>\n\n<p class=\"ls-paragraph\">Pour compl\u00e9ter votre exp\u00e9rience, le camping vous offre la location de VTTAE (VTT \u00e0 assistance \u00e9lectrique), facilitant vos ascensions et vos longues balades. Un atelier de r\u00e9paration et une station de lavage pour v\u00e9los sont \u00e9galement accessibles, ainsi qu&#8217;un garage ferm\u00e9 pour s\u00e9curiser votre mat\u00e9riel.<\/p>\n\n<p class=\"ls-paragraph\">Vous trouverez sur place un environnement id\u00e9al pour combiner activit\u00e9s sportives et d\u00e9tente dans la nature, avec de nombreuses possibilit\u00e9s de randonn\u00e9es et balades le long du lac et dans les Alpes Is\u00e9roises.<\/p>\n\n<h2 class=\"ls__heading wp-block-heading\">\ud83c\udfd5\ufe0f H\u00e9bergements adapt\u00e9s aux cyclistes et familles au bord du lac<\/h2>\n\n<p class=\"ls-paragraph\">Pour un s\u00e9jour confortable, le camping propose plusieurs types d&#8217;h\u00e9bergements : des mobile homes spacieux, des chalets chaleureux et des Coco sweet au charme naturel. Les emplacements en bord de lac sont aussi tr\u00e8s pris\u00e9s par les campeurs cherchant le grand air et la proximit\u00e9 imm\u00e9diate avec la nature.<\/p>\n\n<p class=\"ls-paragraph\">Les sportifs appr\u00e9cieront la localisation pratique le long de la Nationale 85, \u00e0 3 km de la c\u00e9l\u00e8bre statue de Napol\u00e9on sur la prairie de la Rencontre \u00e0 Laffrey. De nombreux services sont disponibles pour faciliter la vie des cyclistes et des familles, comme la location de r\u00e9frig\u00e9rateurs, le lave-linge, s\u00e8che-linge et le Wifi gratuit.<\/p>\n\n<h2 class=\"ls__heading wp-block-heading\">\ud83d\udc65 \u00c0 qui s&#8217;adresse cette nouveaut\u00e9 ?<\/h2>\n\n<p class=\"ls-paragraph\">Le Camping Ser Sirant est l&#8217;endroit parfait pour :<\/p>\n\n<ul class=\"ls-list ls-list-undefined wp-block-list\">\n<li>Les sportifs et amateurs de VTT recherchant des parcours vari\u00e9s et du mat\u00e9riel adapt\u00e9<\/li>\n\n\n\n<li>Les familles souhaitant un cadre naturel s\u00e9curis\u00e9 avec des animations estivales locales (Matheysienne)<\/li>\n\n\n\n<li>Les couples en qu\u00eate de calme avec h\u00e9bergement confortable au bord du lac<\/li>\n\n\n\n<li>Les propri\u00e9taires de chiens, car les animaux sont accept\u00e9s<\/li>\n\n\n\n<li>Les seniors appr\u00e9ciant les balades douces et les infrastructures pratiques<\/li>\n<\/ul>\n\n<h2 class=\"ls__heading wp-block-heading\">\ud83d\udccc Infos pratiques pour vos vacances VTT \u00e0 Ser Sirant<\/h2>\n\n<ul class=\"ls-list ls-list-undefined wp-block-list\">\n<li>\ud83d\udcc5 P\u00e9riode d&#8217;ouverture : du 15 mai au 27 septembre 2026<\/li>\n\n\n\n<li>\ud83d\udccd Adresse : 569 route du Lavoir, 38119 Saint Th\u00e9offrey, Is\u00e8re, Auvergne-Rh\u00f4ne-Alpes<\/li>\n\n\n\n<li>\ud83d\udeb4 Location VTTAE et station de lavage v\u00e9lo sur place<\/li>\n\n\n\n<li>\ud83c\udfe0 H\u00e9bergements : mobile home, chalet, Coco sweet, emplacements bord de lac<\/li>\n\n\n\n<li>\ud83d\udcb6 Location carte VTT : 3\u20ac<\/li>\n\n\n\n<li>\ud83d\udd57 R\u00e9ception ouverte de 8h30 \u00e0 20h en haute saison<\/li>\n\n\n\n<li>\ud83d\udc15 Chiens accept\u00e9s<\/li>\n\n\n\n<li>\ud83e\udd50 Service boulangerie et snack en saison<\/li>\n\n\n\n<li>\ud83d\udcf6 Wifi gratuit et laverie disponibles<\/li>\n\n\n\n<li>\ud83d\udcb3 Moyens de paiement : CB, virement, esp\u00e8ces, ch\u00e8ques traditionnels et vacances<\/li>\n<\/ul>\n\n<h2 class=\"ls__heading wp-block-heading\">\ud83c\udf04 Autres exp\u00e9riences autour du camping<\/h2>\n\n<p class=\"ls-paragraph\">Outre le VTT, le lac de Laffrey et ses alentours regorgent d&#8217;activit\u00e9s nature : p\u00eache (avec permis en vente au camping), cano\u00eb et barque, randonn\u00e9es p\u00e9destres et d\u00e9couverte de la r\u00e9gion. \u00c0 seulement 3 km, la statue de Napol\u00e9on sur la prairie de la Rencontre est un lieu historique incontournable \u00e0 visiter. Les villages et paysages des Alpes du Sud offrent une palette riche d&#8217;excursions \u00e0 la journ\u00e9e.<\/p>\n","protected":false},"excerpt":{"rendered":"<p>D\u00e9couvrez le Camping Ser Sirant \u00e0 Saint Th\u00e9offrey, en plein c\u0153ur des Alpes Is\u00e9roises, base parfaite pour des vacances VTT 100% nature. Entre parcours adapt\u00e9s, h\u00e9bergements confortables et services d\u00e9di\u00e9s, vivez une exp\u00e9rience sportive et familiale inoubliable en 2026. \ud83d\udccb En bref \ud83c\udf04 Des parcours VTT pour tous les niveaux au Camping Ser Sirant Le [&hellip;]<\/p>\n","protected":false},"author":2,"featured_media":0,"comment_status":"closed","ping_status":"closed","sticky":false,"template":"","format":"standard","meta":{"_acf_changed":false,"footnotes":""},"categories":[33],"tags":[],"sujet":[],"class_list":["post-2176","post","type-post","status-publish","format-standard","hentry","category-nachrichten"],"acf":[],"yoast_head":"<!-- This site is optimized with the Yoast SEO plugin v25.3 - https:\/\/yoast.com\/wordpress\/plugins\/seo\/ -->\n<title>VTT dans l&#039;Is\u00e8re - Camping Ser Sirant<\/title>\n<meta name=\"robots\" content=\"index, follow, max-snippet:-1, max-image-preview:large, max-video-preview:-1\" \/>\n<link rel=\"canonical\" href=\"https:\/\/www.campingsersirant.fr\/de\/nachrichten\/vtt-dans-lisere\/\" \/>\n<meta property=\"og:locale\" content=\"de_DE\" \/>\n<meta property=\"og:type\" content=\"article\" \/>\n<meta property=\"og:title\" content=\"VTT dans l&#039;Is\u00e8re - Camping Ser Sirant\" \/>\n<meta property=\"og:description\" content=\"D\u00e9couvrez le Camping Ser Sirant \u00e0 Saint Th\u00e9offrey, en plein c\u0153ur des Alpes Is\u00e9roises, base parfaite pour des vacances VTT 100% nature. Entre parcours adapt\u00e9s, h\u00e9bergements confortables et services d\u00e9di\u00e9s, vivez une exp\u00e9rience sportive et familiale inoubliable en 2026. \ud83d\udccb En bref \ud83c\udf04 Des parcours VTT pour tous les niveaux au Camping Ser Sirant Le [&hellip;]\" \/>\n<meta property=\"og:url\" content=\"https:\/\/www.campingsersirant.fr\/de\/nachrichten\/vtt-dans-lisere\/\" \/>\n<meta property=\"og:site_name\" content=\"Camping Ser Sirant\" \/>\n<meta property=\"article:published_time\" content=\"2026-04-13T08:11:30+00:00\" \/>\n<meta property=\"article:modified_time\" content=\"2026-04-13T08:12:31+00:00\" \/>\n<meta name=\"author\" content=\"Riccardo Pes\" \/>\n<meta name=\"twitter:card\" content=\"summary_large_image\" \/>\n<meta name=\"twitter:label1\" content=\"Verfasst von\" \/>\n\t<meta name=\"twitter:data1\" content=\"Riccardo Pes\" \/>\n\t<meta name=\"twitter:label2\" content=\"Gesch\u00e4tzte Lesezeit\" \/>\n\t<meta name=\"twitter:data2\" content=\"3\u00a0Minuten\" \/>\n<script type=\"application\/ld+json\" class=\"yoast-schema-graph\">{\"@context\":\"https:\/\/schema.org\",\"@graph\":[{\"@type\":\"Article\",\"@id\":\"https:\/\/www.campingsersirant.fr\/de\/nachrichten\/vtt-dans-lisere\/#article\",\"isPartOf\":{\"@id\":\"https:\/\/www.campingsersirant.fr\/de\/nachrichten\/vtt-dans-lisere\/\"},\"author\":{\"name\":\"Riccardo Pes\",\"@id\":\"https:\/\/www.campingsersirant.fr\/#\/schema\/person\/7075a0f972cb45cbd8f8cf538b8addac\"},\"headline\":\"VTT dans l&#8217;Is\u00e8re\",\"datePublished\":\"2026-04-13T08:11:30+00:00\",\"dateModified\":\"2026-04-13T08:12:31+00:00\",\"mainEntityOfPage\":{\"@id\":\"https:\/\/www.campingsersirant.fr\/de\/nachrichten\/vtt-dans-lisere\/\"},\"wordCount\":622,\"publisher\":{\"@id\":\"https:\/\/www.campingsersirant.fr\/#organization\"},\"articleSection\":[\"Nachrichten\"],\"inLanguage\":\"de\"},{\"@type\":\"WebPage\",\"@id\":\"https:\/\/www.campingsersirant.fr\/de\/nachrichten\/vtt-dans-lisere\/\",\"url\":\"https:\/\/www.campingsersirant.fr\/de\/nachrichten\/vtt-dans-lisere\/\",\"name\":\"VTT dans l'Is\u00e8re - Camping Ser Sirant\",\"isPartOf\":{\"@id\":\"https:\/\/www.campingsersirant.fr\/#website\"},\"datePublished\":\"2026-04-13T08:11:30+00:00\",\"dateModified\":\"2026-04-13T08:12:31+00:00\",\"breadcrumb\":{\"@id\":\"https:\/\/www.campingsersirant.fr\/de\/nachrichten\/vtt-dans-lisere\/#breadcrumb\"},\"inLanguage\":\"de\",\"potentialAction\":[{\"@type\":\"ReadAction\",\"target\":[\"https:\/\/www.campingsersirant.fr\/de\/nachrichten\/vtt-dans-lisere\/\"]}]},{\"@type\":\"BreadcrumbList\",\"@id\":\"https:\/\/www.campingsersirant.fr\/de\/nachrichten\/vtt-dans-lisere\/#breadcrumb\",\"itemListElement\":[{\"@type\":\"ListItem\",\"position\":1,\"name\":\"Camping Ser Sirant\",\"item\":\"https:\/\/www.campingsersirant.fr\/de\/\"},{\"@type\":\"ListItem\",\"position\":2,\"name\":\"VTT dans l&rsquo;Is\u00e8re\"}]},{\"@type\":\"WebSite\",\"@id\":\"https:\/\/www.campingsersirant.fr\/#website\",\"url\":\"https:\/\/www.campingsersirant.fr\/\",\"name\":\"Camping Ser Sirant\",\"description\":\"\",\"publisher\":{\"@id\":\"https:\/\/www.campingsersirant.fr\/#organization\"},\"potentialAction\":[{\"@type\":\"SearchAction\",\"target\":{\"@type\":\"EntryPoint\",\"urlTemplate\":\"https:\/\/www.campingsersirant.fr\/?s={search_term_string}\"},\"query-input\":{\"@type\":\"PropertyValueSpecification\",\"valueRequired\":true,\"valueName\":\"search_term_string\"}}],\"inLanguage\":\"de\"},{\"@type\":\"Organization\",\"@id\":\"https:\/\/www.campingsersirant.fr\/#organization\",\"name\":\"Camping Ser Sirant\",\"url\":\"https:\/\/www.campingsersirant.fr\/\",\"logo\":{\"@type\":\"ImageObject\",\"inLanguage\":\"de\",\"@id\":\"https:\/\/www.campingsersirant.fr\/#\/schema\/logo\/image\/\",\"url\":\"https:\/\/www.campingsersirant.fr\/wp-content\/uploads\/2022\/11\/logo-camping-ser-sirant.png\",\"contentUrl\":\"https:\/\/www.campingsersirant.fr\/wp-content\/uploads\/2022\/11\/logo-camping-ser-sirant.png\",\"width\":262,\"height\":186,\"caption\":\"Camping Ser Sirant\"},\"image\":{\"@id\":\"https:\/\/www.campingsersirant.fr\/#\/schema\/logo\/image\/\"}},{\"@type\":\"Person\",\"@id\":\"https:\/\/www.campingsersirant.fr\/#\/schema\/person\/7075a0f972cb45cbd8f8cf538b8addac\",\"name\":\"Riccardo Pes\",\"image\":{\"@type\":\"ImageObject\",\"inLanguage\":\"de\",\"@id\":\"https:\/\/www.campingsersirant.fr\/#\/schema\/person\/image\/\",\"url\":\"https:\/\/secure.gravatar.com\/avatar\/01e16ad6c331a7a84f5e26973208910f20869b9d5406ecd6c8604d52d0fee3a2?s=96&d=mm&r=g\",\"contentUrl\":\"https:\/\/secure.gravatar.com\/avatar\/01e16ad6c331a7a84f5e26973208910f20869b9d5406ecd6c8604d52d0fee3a2?s=96&d=mm&r=g\",\"caption\":\"Riccardo Pes\"}}]}<\/script>\n<!-- \/ Yoast SEO plugin. -->","yoast_head_json":{"title":"VTT dans l'Is\u00e8re - Camping Ser Sirant","robots":{"index":"index","follow":"follow","max-snippet":"max-snippet:-1","max-image-preview":"max-image-preview:large","max-video-preview":"max-video-preview:-1"},"canonical":"https:\/\/www.campingsersirant.fr\/de\/nachrichten\/vtt-dans-lisere\/","og_locale":"de_DE","og_type":"article","og_title":"VTT dans l'Is\u00e8re - Camping Ser Sirant","og_description":"D\u00e9couvrez le Camping Ser Sirant \u00e0 Saint Th\u00e9offrey, en plein c\u0153ur des Alpes Is\u00e9roises, base parfaite pour des vacances VTT 100% nature. Entre parcours adapt\u00e9s, h\u00e9bergements confortables et services d\u00e9di\u00e9s, vivez une exp\u00e9rience sportive et familiale inoubliable en 2026. \ud83d\udccb En bref \ud83c\udf04 Des parcours VTT pour tous les niveaux au Camping Ser Sirant Le [&hellip;]","og_url":"https:\/\/www.campingsersirant.fr\/de\/nachrichten\/vtt-dans-lisere\/","og_site_name":"Camping Ser Sirant","article_published_time":"2026-04-13T08:11:30+00:00","article_modified_time":"2026-04-13T08:12:31+00:00","author":"Riccardo Pes","twitter_card":"summary_large_image","twitter_misc":{"Verfasst von":"Riccardo Pes","Gesch\u00e4tzte Lesezeit":"3\u00a0Minuten"},"schema":{"@context":"https:\/\/schema.org","@graph":[{"@type":"Article","@id":"https:\/\/www.campingsersirant.fr\/de\/nachrichten\/vtt-dans-lisere\/#article","isPartOf":{"@id":"https:\/\/www.campingsersirant.fr\/de\/nachrichten\/vtt-dans-lisere\/"},"author":{"name":"Riccardo Pes","@id":"https:\/\/www.campingsersirant.fr\/#\/schema\/person\/7075a0f972cb45cbd8f8cf538b8addac"},"headline":"VTT dans l&#8217;Is\u00e8re","datePublished":"2026-04-13T08:11:30+00:00","dateModified":"2026-04-13T08:12:31+00:00","mainEntityOfPage":{"@id":"https:\/\/www.campingsersirant.fr\/de\/nachrichten\/vtt-dans-lisere\/"},"wordCount":622,"publisher":{"@id":"https:\/\/www.campingsersirant.fr\/#organization"},"articleSection":["Nachrichten"],"inLanguage":"de"},{"@type":"WebPage","@id":"https:\/\/www.campingsersirant.fr\/de\/nachrichten\/vtt-dans-lisere\/","url":"https:\/\/www.campingsersirant.fr\/de\/nachrichten\/vtt-dans-lisere\/","name":"VTT dans l'Is\u00e8re - Camping Ser Sirant","isPartOf":{"@id":"https:\/\/www.campingsersirant.fr\/#website"},"datePublished":"2026-04-13T08:11:30+00:00","dateModified":"2026-04-13T08:12:31+00:00","breadcrumb":{"@id":"https:\/\/www.campingsersirant.fr\/de\/nachrichten\/vtt-dans-lisere\/#breadcrumb"},"inLanguage":"de","potentialAction":[{"@type":"ReadAction","target":["https:\/\/www.campingsersirant.fr\/de\/nachrichten\/vtt-dans-lisere\/"]}]},{"@type":"BreadcrumbList","@id":"https:\/\/www.campingsersirant.fr\/de\/nachrichten\/vtt-dans-lisere\/#breadcrumb","itemListElement":[{"@type":"ListItem","position":1,"name":"Camping Ser Sirant","item":"https:\/\/www.campingsersirant.fr\/de\/"},{"@type":"ListItem","position":2,"name":"VTT dans l&rsquo;Is\u00e8re"}]},{"@type":"WebSite","@id":"https:\/\/www.campingsersirant.fr\/#website","url":"https:\/\/www.campingsersirant.fr\/","name":"Camping Ser Sirant","description":"","publisher":{"@id":"https:\/\/www.campingsersirant.fr\/#organization"},"potentialAction":[{"@type":"SearchAction","target":{"@type":"EntryPoint","urlTemplate":"https:\/\/www.campingsersirant.fr\/?s={search_term_string}"},"query-input":{"@type":"PropertyValueSpecification","valueRequired":true,"valueName":"search_term_string"}}],"inLanguage":"de"},{"@type":"Organization","@id":"https:\/\/www.campingsersirant.fr\/#organization","name":"Camping Ser Sirant","url":"https:\/\/www.campingsersirant.fr\/","logo":{"@type":"ImageObject","inLanguage":"de","@id":"https:\/\/www.campingsersirant.fr\/#\/schema\/logo\/image\/","url":"https:\/\/www.campingsersirant.fr\/wp-content\/uploads\/2022\/11\/logo-camping-ser-sirant.png","contentUrl":"https:\/\/www.campingsersirant.fr\/wp-content\/uploads\/2022\/11\/logo-camping-ser-sirant.png","width":262,"height":186,"caption":"Camping Ser Sirant"},"image":{"@id":"https:\/\/www.campingsersirant.fr\/#\/schema\/logo\/image\/"}},{"@type":"Person","@id":"https:\/\/www.campingsersirant.fr\/#\/schema\/person\/7075a0f972cb45cbd8f8cf538b8addac","name":"Riccardo Pes","image":{"@type":"ImageObject","inLanguage":"de","@id":"https:\/\/www.campingsersirant.fr\/#\/schema\/person\/image\/","url":"https:\/\/secure.gravatar.com\/avatar\/01e16ad6c331a7a84f5e26973208910f20869b9d5406ecd6c8604d52d0fee3a2?s=96&d=mm&r=g","contentUrl":"https:\/\/secure.gravatar.com\/avatar\/01e16ad6c331a7a84f5e26973208910f20869b9d5406ecd6c8604d52d0fee3a2?s=96&d=mm&r=g","caption":"Riccardo Pes"}}]}},"_links":{"self":[{"href":"https:\/\/www.campingsersirant.fr\/de\/wp-json\/wp\/v2\/posts\/2176","targetHints":{"allow":["GET"]}}],"collection":[{"href":"https:\/\/www.campingsersirant.fr\/de\/wp-json\/wp\/v2\/posts"}],"about":[{"href":"https:\/\/www.campingsersirant.fr\/de\/wp-json\/wp\/v2\/types\/post"}],"author":[{"embeddable":true,"href":"https:\/\/www.campingsersirant.fr\/de\/wp-json\/wp\/v2\/users\/2"}],"replies":[{"embeddable":true,"href":"https:\/\/www.campingsersirant.fr\/de\/wp-json\/wp\/v2\/comments?post=2176"}],"version-history":[{"count":3,"href":"https:\/\/www.campingsersirant.fr\/de\/wp-json\/wp\/v2\/posts\/2176\/revisions"}],"predecessor-version":[{"id":2179,"href":"https:\/\/www.campingsersirant.fr\/de\/wp-json\/wp\/v2\/posts\/2176\/revisions\/2179"}],"wp:attachment":[{"href":"https:\/\/www.campingsersirant.fr\/de\/wp-json\/wp\/v2\/media?parent=2176"}],"wp:term":[{"taxonomy":"category","embeddable":true,"href":"https:\/\/www.campingsersirant.fr\/de\/wp-json\/wp\/v2\/categories?post=2176"},{"taxonomy":"post_tag","embeddable":true,"href":"https:\/\/www.campingsersirant.fr\/de\/wp-json\/wp\/v2\/tags?post=2176"},{"taxonomy":"sujet","embeddable":true,"href":"https:\/\/www.campingsersirant.fr\/de\/wp-json\/wp\/v2\/sujet?post=2176"}],"curies":[{"name":"wp","href":"https:\/\/api.w.org\/{rel}","templated":true}]}}